{"id":1674,"date":"2017-05-23T12:47:26","date_gmt":"2017-05-23T11:47:26","guid":{"rendered":"http:\/\/jirioberfalzer.cz\/?p=1674"},"modified":"2018-08-17T15:28:29","modified_gmt":"2018-08-17T14:28:29","slug":"hasici-v-radousi-obdrzeli-prispevek-od-senatora","status":"publish","type":"post","link":"https:\/\/jirioberfalzer.cz\/?p=1674","title":{"rendered":"Hasi\u010di v Radou\u0161i obdr\u017eeli p\u0159\u00edsp\u011bvek od sen\u00e1tora"},"content":{"rendered":"<p>&nbsp;<\/p>\n<p>&nbsp;<\/p>\n<p><img loading=\"lazy\" decoding=\"async\" class=\"aligncenter size-full wp-image-343\" src=\"https:\/\/jirioberfalzer.cz\/wp-content\/uploads\/2018\/08\/2191-sek-radous-jo_compressed.jpg\" alt=\"\" width=\"852\" height=\"448\" srcset=\"https:\/\/jirioberfalzer.cz\/wp-content\/uploads\/2018\/08\/2191-sek-radous-jo_compressed.jpg 852w, https:\/\/jirioberfalzer.cz\/wp-content\/uploads\/2018\/08\/2191-sek-radous-jo_compressed-300x158.jpg 300w, https:\/\/jirioberfalzer.cz\/wp-content\/uploads\/2018\/08\/2191-sek-radous-jo_compressed-768x404.jpg 768w\" sizes=\"auto, (max-width: 852px) 100vw, 852px\" \/><strong>13. kv\u011btna prob\u011bhly oslavy 120. v\u00fdro\u010d\u00ed vzniku SDH Radou\u0161. Byly zah\u00e1jeny slavnostn\u00edm n\u00e1stupem nejen pozvan\u00fdch sbor\u016f, ale i vz\u00e1cn\u00fdch host\u016f a sponzor\u016f, mezi nimi\u017e byl i sen\u00e1tor Ji\u0159\u00ed Oberfalzer, kter\u00fd sboru p\u0159i t\u00e9to p\u0159\u00edle\u017eitosti v\u011bnoval p\u0159\u00edsp\u011bvek na \u010dinnost ve v\u00fd\u0161i 10 000 K\u010d.<\/strong><\/p>\n<p>Slavnostn\u00ed pr\u016fvod pak kr\u00e1\u010del obc\u00ed za doprovodu dechovky ze Skut\u010de. Hasi\u010di nezapomn\u011bli polo\u017eit v\u011bnec k uct\u011bn\u00ed pam\u00e1tky padl\u00fdch.<br \/>\nVyznamenan\u00ed \u010dlenov\u00e9\u00a0p\u0159evzali medaile, dary a\u00a0pam\u011btn\u00ed listy z rukou p\u0159edstavitel\u016f m\u011bsta a hasi\u010dsk\u00e9ho sboru a\u00a0program pokra\u010doval uk\u00e1zkou mlad\u00fdch hasi\u010d\u016f SDH Zbiroh a\u00a0uk\u00e1zkami jak Hasi\u010dsk\u00e9ho z\u00e1chrann\u00e9ho sboru, tak Zdravotnick\u00e9 z\u00e1chrann\u00e9 slu\u017eby a Policie \u010cR.<br \/>\nPro n\u00e1v\u0161t\u011bvn\u00edky byla p\u0159ipravena t\u00e9\u017e v\u00fdstava fotografi\u00ed, diplom\u016f a v\u00edt\u011bzn\u00fdch poh\u00e1r\u016f.<\/p>\n<p><strong>Sen\u00e1tor Ji\u0159\u00ed Oberfalzer<\/strong> hasi\u010de ve sv\u00e9m regionu dlouhodob\u011b podporuje. <em>&#8222;K jejich v\u00fdro\u010d\u00ed i p\u0159i jin\u00fdch p\u0159\u00edle\u017eitostech se sna\u017e\u00edm sbor\u016fm v jednotliv\u00fdch obc\u00edch p\u0159isp\u011bt na jejich \u010dinnost nebo dovybaven\u00ed pot\u0159ebn\u00fdmi v\u011bcmi. Podobn\u011b se sna\u017e\u00edm finan\u010dn\u011b pomoci a svou p\u0159\u00edtomnost\u00ed poct\u00edt i pravideln\u00e1 setk\u00e1n\u00ed zaslou\u017eil\u00fdch hasi\u010d\u016f, kte\u0159\u00ed se hasi\u010din\u011b v\u011bnuj\u00ed tak\u0159ka celo\u017eivotn\u011b<\/em>,&#8220; podot\u00fdk\u00e1 <strong>sen\u00e1tor Oberfalzer<\/strong>, kter\u00fd finan\u010dn\u011b podpo\u0159il i\u00a0vznik n\u011bkter\u00fdch hasi\u010dsk\u00fdch kronik.<\/p>\n","protected":false},"excerpt":{"rendered":"<p>13. kv\u011btna prob\u011bhly oslavy 120. v\u00fdro\u010d\u00ed vzniku SDH Radou\u0161. Byly zah\u00e1jeny slavnostn\u00edm n\u00e1stupem nejen pozvan\u00fdch sbor\u016f, ale i vz\u00e1cn\u00fdch host\u016f a sponzor\u016f, mezi nimi\u017e byl i sen\u00e1tor Ji\u0159\u00ed Oberfalzer, kter\u00fd sboru p\u0159i t\u00e9to p\u0159\u00edle\u017eitosti v\u011bnoval p\u0159\u00edsp\u011bvek na \u010dinnost ve v\u00fd\u0161i 10 000 K\u010d.<\/p>\n","protected":false},"author":1,"featured_media":343,"comment_status":"closed","ping_status":"closed","sticky":false,"template":"","format":"standard","meta":{"footnotes":""},"categories":[2],"tags":[27],"class_list":["post-1674","post","type-post","status-publish","format-standard","has-post-thumbnail","hentry","category-z-regionu","tag-radous"],"_links":{"self":[{"href":"https:\/\/jirioberfalzer.cz\/index.php?rest_route=\/wp\/v2\/posts\/1674","targetHints":{"allow":["GET"]}}],"collection":[{"href":"https:\/\/jirioberfalzer.cz\/index.php?rest_route=\/wp\/v2\/posts"}],"about":[{"href":"https:\/\/jirioberfalzer.cz\/index.php?rest_route=\/wp\/v2\/types\/post"}],"author":[{"embeddable":true,"href":"https:\/\/jirioberfalzer.cz\/index.php?rest_route=\/wp\/v2\/users\/1"}],"replies":[{"embeddable":true,"href":"https:\/\/jirioberfalzer.cz\/index.php?rest_route=%2Fwp%2Fv2%2Fcomments&post=1674"}],"version-history":[{"count":1,"href":"https:\/\/jirioberfalzer.cz\/index.php?rest_route=\/wp\/v2\/posts\/1674\/revisions"}],"predecessor-version":[{"id":1675,"href":"https:\/\/jirioberfalzer.cz\/index.php?rest_route=\/wp\/v2\/posts\/1674\/revisions\/1675"}],"wp:featuredmedia":[{"embeddable":true,"href":"https:\/\/jirioberfalzer.cz\/index.php?rest_route=\/wp\/v2\/media\/343"}],"wp:attachment":[{"href":"https:\/\/jirioberfalzer.cz\/index.php?rest_route=%2Fwp%2Fv2%2Fmedia&parent=1674"}],"wp:term":[{"taxonomy":"category","embeddable":true,"href":"https:\/\/jirioberfalzer.cz\/index.php?rest_route=%2Fwp%2Fv2%2Fcategories&post=1674"},{"taxonomy":"post_tag","embeddable":true,"href":"https:\/\/jirioberfalzer.cz\/index.php?rest_route=%2Fwp%2Fv2%2Ftags&post=1674"}],"curies":[{"name":"wp","href":"https:\/\/api.w.org\/{rel}","templated":true}]}}