{"id":1664,"date":"2017-06-22T11:37:29","date_gmt":"2017-06-22T10:37:29","guid":{"rendered":"http:\/\/jirioberfalzer.cz\/?p=1664"},"modified":"2018-08-17T17:17:26","modified_gmt":"2018-08-17T16:17:26","slug":"cyklo-beh-proti-drogam-mel-zastavku-u-senatora-v-beroune","status":"publish","type":"post","link":"https:\/\/jirioberfalzer.cz\/?p=1664","title":{"rendered":"Cyklo-b\u011bh proti drog\u00e1m m\u011bl zast\u00e1vku u sen\u00e1tora v Beroun\u011b"},"content":{"rendered":"<p><img loading=\"lazy\" decoding=\"async\" class=\"aligncenter size-full wp-image-1467\" src=\"https:\/\/jirioberfalzer.cz\/wp-content\/uploads\/2018\/08\/2210-210617-beroun-20_compressed.jpg\" alt=\"\" width=\"1000\" height=\"666\" srcset=\"https:\/\/jirioberfalzer.cz\/wp-content\/uploads\/2018\/08\/2210-210617-beroun-20_compressed.jpg 1000w, https:\/\/jirioberfalzer.cz\/wp-content\/uploads\/2018\/08\/2210-210617-beroun-20_compressed-300x200.jpg 300w, https:\/\/jirioberfalzer.cz\/wp-content\/uploads\/2018\/08\/2210-210617-beroun-20_compressed-768x511.jpg 768w\" sizes=\"auto, (max-width: 1000px) 100vw, 1000px\" \/><\/p>\n<p style=\"text-align: justify;\"><strong>Sen\u00e1tor Ji\u0159\u00ed Oberfalzer p\u0159iv\u00edtal ve sv\u00e9 berounsk\u00e9 kancel\u00e1\u0159i ve st\u0159edu 22. \u010dervna \u00fa\u010dastn\u00edky cyklo-b\u011bhu v r\u00e1mci jubilejn\u00edho 15. ro\u010dn\u00edku Cyklo-b\u011bh za \u010ceskou republiku bez drog 2017.<\/strong><\/p>\n<p>Cyklo-b\u011bh je pravideln\u00e1 protidrogov\u00e1 kampa\u0148 spojen\u00e1 s osv\u011btou a sportem. Smyslem je varovat p\u0159ed zanedb\u00e1n\u00edm vzd\u011bl\u00e1v\u00e1n\u00ed na poli drogov\u00e9 prevence a podpo\u0159it zv\u00fd\u0161en\u00ed drogov\u00e9 gramotnosti a osv\u011bty p\u0159edev\u0161\u00edm u \u0161koln\u00edch d\u011bt\u00ed. Nad akc\u00ed p\u0159evzal z\u00e1\u0161titu V\u00fdbor pro vzd\u011bl\u00e1v\u00e1n\u00ed, v\u011bdu, kulturu, lidsk\u00e1 pr\u00e1va a petice Sen\u00e1tu Parlamentu \u010cesk\u00e9 republiky, jeho\u017e je sen\u00e1tor Oberfalzer \u010dlenem. Akci organizuje spolek \u0158EKNI NE DROG\u00c1M &#8211; \u0158EKNI ANO \u017dIVOTU. Ten krom\u011b t\u00e9to tradi\u010dn\u00ed akce po\u0159\u00e1d\u00e1 i besedy na \u0161kol\u00e1ch a dal\u0161\u00ed iniciativy spojen\u00e9 s protidrogovou osv\u011btou.<\/p>\n<p><img loading=\"lazy\" decoding=\"async\" class=\"aligncenter size-full wp-image-635\" src=\"https:\/\/jirioberfalzer.cz\/wp-content\/uploads\/2018\/08\/2211-210617-beroun-31_compressed.jpg\" alt=\"\" width=\"1000\" height=\"666\" srcset=\"https:\/\/jirioberfalzer.cz\/wp-content\/uploads\/2018\/08\/2211-210617-beroun-31_compressed.jpg 1000w, https:\/\/jirioberfalzer.cz\/wp-content\/uploads\/2018\/08\/2211-210617-beroun-31_compressed-300x200.jpg 300w, https:\/\/jirioberfalzer.cz\/wp-content\/uploads\/2018\/08\/2211-210617-beroun-31_compressed-768x511.jpg 768w\" sizes=\"auto, (max-width: 1000px) 100vw, 1000px\" \/><\/p>\n<p style=\"text-align: justify;\">\n<p><img loading=\"lazy\" decoding=\"async\" class=\"aligncenter size-full wp-image-495\" src=\"https:\/\/jirioberfalzer.cz\/wp-content\/uploads\/2018\/08\/2209-210617-beroun-5_compressed.jpg\" alt=\"\" width=\"1000\" height=\"666\" srcset=\"https:\/\/jirioberfalzer.cz\/wp-content\/uploads\/2018\/08\/2209-210617-beroun-5_compressed.jpg 1000w, https:\/\/jirioberfalzer.cz\/wp-content\/uploads\/2018\/08\/2209-210617-beroun-5_compressed-300x200.jpg 300w, https:\/\/jirioberfalzer.cz\/wp-content\/uploads\/2018\/08\/2209-210617-beroun-5_compressed-768x511.jpg 768w\" sizes=\"auto, (max-width: 1000px) 100vw, 1000px\" \/><\/p>\n","protected":false},"excerpt":{"rendered":"<p>Sen\u00e1tor Ji\u0159\u00ed Oberfalzer p\u0159iv\u00edtal ve sv\u00e9 berounsk\u00e9 kancel\u00e1\u0159i ve st\u0159edu 22. \u010dervna \u00fa\u010dastn\u00edky cyklo-b\u011bhu v r\u00e1mci jubilejn\u00edho 15. ro\u010dn\u00edku Cyklo-b\u011bh za \u010ceskou republiku bez drog 2017.<\/p>\n","protected":false},"author":1,"featured_media":495,"comment_status":"closed","ping_status":"closed","sticky":false,"template":"","format":"standard","meta":{"footnotes":""},"categories":[2],"tags":[22],"class_list":["post-1664","post","type-post","status-publish","format-standard","has-post-thumbnail","hentry","category-z-regionu","tag-cyklo-beh"],"_links":{"self":[{"href":"https:\/\/jirioberfalzer.cz\/index.php?rest_route=\/wp\/v2\/posts\/1664","targetHints":{"allow":["GET"]}}],"collection":[{"href":"https:\/\/jirioberfalzer.cz\/index.php?rest_route=\/wp\/v2\/posts"}],"about":[{"href":"https:\/\/jirioberfalzer.cz\/index.php?rest_route=\/wp\/v2\/types\/post"}],"author":[{"embeddable":true,"href":"https:\/\/jirioberfalzer.cz\/index.php?rest_route=\/wp\/v2\/users\/1"}],"replies":[{"embeddable":true,"href":"https:\/\/jirioberfalzer.cz\/index.php?rest_route=%2Fwp%2Fv2%2Fcomments&post=1664"}],"version-history":[{"count":2,"href":"https:\/\/jirioberfalzer.cz\/index.php?rest_route=\/wp\/v2\/posts\/1664\/revisions"}],"predecessor-version":[{"id":1761,"href":"https:\/\/jirioberfalzer.cz\/index.php?rest_route=\/wp\/v2\/posts\/1664\/revisions\/1761"}],"wp:featuredmedia":[{"embeddable":true,"href":"https:\/\/jirioberfalzer.cz\/index.php?rest_route=\/wp\/v2\/media\/495"}],"wp:attachment":[{"href":"https:\/\/jirioberfalzer.cz\/index.php?rest_route=%2Fwp%2Fv2%2Fmedia&parent=1664"}],"wp:term":[{"taxonomy":"category","embeddable":true,"href":"https:\/\/jirioberfalzer.cz\/index.php?rest_route=%2Fwp%2Fv2%2Fcategories&post=1664"},{"taxonomy":"post_tag","embeddable":true,"href":"https:\/\/jirioberfalzer.cz\/index.php?rest_route=%2Fwp%2Fv2%2Ftags&post=1664"}],"curies":[{"name":"wp","href":"https:\/\/api.w.org\/{rel}","templated":true}]}}