{"id":118,"date":"2018-03-22T11:53:33","date_gmt":"2018-03-22T10:53:33","guid":{"rendered":"http:\/\/jirioberfalzer.cz\/?p=118"},"modified":"2018-11-06T14:44:29","modified_gmt":"2018-11-06T13:44:29","slug":"senator-oberfalzer-evropa-nehleda-prilis-mnoho-nastroju-jak-je-ukaznit","status":"publish","type":"post","link":"https:\/\/jirioberfalzer.cz\/?p=118","title":{"rendered":"Sen\u00e1tor Oberfalzer: Evropa nehled\u00e1 p\u0159\u00edli\u0161 mnoho n\u00e1stroj\u016f, jak je uk\u00e1znit"},"content":{"rendered":"<p>Vystoupen\u00ed na 12. sch\u016fzi Sen\u00e1tu 15. \u00fanora 2018 k Ro\u010dn\u00ed anal\u00fdze r\u016fstu na rok 2018:<\/p>\n<p>Pan\u00ed p\u0159edsedaj\u00edc\u00ed, pane premi\u00e9re, kolegyn\u011b, kolegov\u00e9. J\u00e1 jenom dv\u011b rychl\u00e9 pozn\u00e1mky. Zaprv\u00e9 souhlas\u00edm s n\u00e1zorem pana premi\u00e9ra na ot\u00e1zku eura. Mysl\u00edm si, \u017ee to je hlub\u0161\u00ed probl\u00e9m ne\u017e jenom n\u011bjak\u00e9 parametry, kter\u00e9 mus\u00edme spl\u0148ovat, a v\u00edcem\u00e9n\u011b spl\u0148ujeme. Ten probl\u00e9m je v tom, \u017ee finan\u010dn\u00ed hospoda\u0159en\u00ed Evropy je do zna\u010dn\u00e9 m\u00edry nezodpov\u011bdn\u00e9 v tom smyslu, \u017ee n\u011bkter\u00e9 \u010dlensk\u00e9 zem\u011b jsou nezodpov\u011bdn\u00e9, Evropa nehled\u00e1 p\u0159\u00edli\u0161 mnoho n\u00e1stroj\u016f, jak je uk\u00e1znit. Ale sp\u00ed\u0161e jak vy\u0159e\u0161it probl\u00e9my. \u010cili \u0159e\u0161\u00ed n\u00e1sledky, ne p\u0159\u00ed\u010diny. Ka\u017ed\u00fd krok, kter\u00fd p\u0159ij\u00edm\u00e1 jako regulaci proti nezodpov\u011bdnosti, je sou\u010dasn\u011b krokem k centralizaci. V\u0161echny ty n\u00e1stroje jsou v\u017edy p\u0159\u00edle\u017eitost\u00ed k tomu vytv\u00e1\u0159et jednotn\u00fd st\u00e1t, v lep\u0161\u00edm p\u0159\u00edpad\u011b federaci. Mysl\u00edm si, \u017ee na to mus\u00edme b\u00fdt opatrn\u00ed, proto si tak\u00e9 nejsem jist, jestli je dobr\u00e9 p\u0159ij\u00edmat fisk\u00e1ln\u00ed pakt, by\u0165 jenom z\u010d\u00e1sti, proto\u017ee mi to p\u0159ipom\u00edn\u00e1 tu evropskou metodu, po kousk\u00e1ch, sal\u00e1movou metodou sm\u011b\u0159ovat k c\u00edli, se kter\u00fdm nikdo nesouhlas\u00ed, ale jednoho dne zjist\u00ed, \u017ee u\u017e tam je.<\/p>\n<p>Nicm\u00e9n\u011b, j\u00e1 chci polo\u017eit ot\u00e1zku ve vztahu k tomu, co se nyn\u00ed objevuje v m\u00e9di\u00edch, a sice z\u0159\u00edzen\u00ed Evropsk\u00e9ho m\u011bnov\u00e9ho fondu. Je to asi zat\u00edm p\u0159edm\u011bt n\u011bjak\u00fdch obecn\u00fdch debat. Ale mysl\u00edm si, \u017ee n\u00e1stroje, kter\u00e9 byly p\u0159ijaty po \u0159eck\u00e9 krizi, v\u0161echny sm\u011b\u0159uj\u00ed k tomu, \u017ee jenom zalijeme ty \u010dern\u00e9 d\u00edry, schov\u00e1me form\u00e1ln\u011b probl\u00e9m bu\u010f zv\u00fd\u0161enou kvantitou, tj. tisknut\u00edm pen\u011bz, nebo n\u011bjakou spoluzodpov\u011bdnost\u00ed zem\u00ed, kter\u00e9 u\u017e se proti tomu nijak nemohou br\u00e1nit. Proto se ob\u00e1v\u00e1m z\u0159\u00edzen\u00ed Evropsk\u00e9ho m\u011bnov\u00e9ho fondu, \u017ee to bude dal\u0161\u00ed n\u00e1stroj na vysvobozov\u00e1n\u00ed nezodpov\u011bdn\u00e9ho hospoda\u0159en\u00ed. Pro m\u011b ideologicky to souvis\u00ed s t\u00edm, \u017ee Evropa je v\u00edcem\u00e9n\u011b levicov\u00e1, \u017ee d\u00e1v\u00e1 p\u0159ednost v\u00fddaj\u016fm p\u0159ed p\u0159\u00edjmy, \u010dili p\u0159ed zodpov\u011bdn\u00fdm hospoda\u0159en\u00edm.<\/p>\n<p>Nejv\u011bt\u0161\u00ed evropsk\u00e9 zem\u011b jsou v dost v\u00e1\u017en\u00fdch dluz\u00edch. Mluv\u00ed se o It\u00e1lii. M\u00e1lo se ov\u0161em zmi\u0148uje Francie, kter\u00e1 je na tom taky velice \u0161patn\u011b, dneska u\u017e m\u00e1 dluhy, kter\u00e9 p\u0159esahuj\u00ed v\u00fd\u0161i jednoho ro\u010dn\u00edho HDP, co\u017e je vysoko nad v\u0161emi parametry, kter\u00e9 byly p\u0159ijaty.<\/p>\n<p>Zdroj: www.senat.cz, https:\/\/www.parlamentnilisty.cz\/politika\/politici-volicum\/Senator-Oberfalzer-Evropa-nehleda-prilis-mnoho-nastroju-jak-je-ukaznit-524526<\/p>\n<p>&nbsp;<\/p>\n","protected":false},"excerpt":{"rendered":"<p>Vystoupen\u00ed na 12. sch\u016fzi Sen\u00e1tu 15. \u00fanora 2018 k Ro\u010dn\u00ed anal\u00fdze r\u016fstu na rok 2018: Pan\u00ed p\u0159edsedaj\u00edc\u00ed, pane premi\u00e9re, kolegyn\u011b, kolegov\u00e9. J\u00e1 jenom dv\u011b rychl\u00e9 pozn\u00e1mky. Zaprv\u00e9 souhlas\u00edm s n\u00e1zorem pana premi\u00e9ra na ot\u00e1zku&#46;&#46;&#46;<\/p>\n","protected":false},"author":1,"featured_media":102,"comment_status":"closed","ping_status":"closed","sticky":false,"template":"","format":"standard","meta":{"footnotes":""},"categories":[17],"tags":[],"class_list":["post-118","post","type-post","status-publish","format-standard","has-post-thumbnail","hentry","category-nazory-a-rozhovory"],"_links":{"self":[{"href":"https:\/\/jirioberfalzer.cz\/index.php?rest_route=\/wp\/v2\/posts\/118","targetHints":{"allow":["GET"]}}],"collection":[{"href":"https:\/\/jirioberfalzer.cz\/index.php?rest_route=\/wp\/v2\/posts"}],"about":[{"href":"https:\/\/jirioberfalzer.cz\/index.php?rest_route=\/wp\/v2\/types\/post"}],"author":[{"embeddable":true,"href":"https:\/\/jirioberfalzer.cz\/index.php?rest_route=\/wp\/v2\/users\/1"}],"replies":[{"embeddable":true,"href":"https:\/\/jirioberfalzer.cz\/index.php?rest_route=%2Fwp%2Fv2%2Fcomments&post=118"}],"version-history":[{"count":1,"href":"https:\/\/jirioberfalzer.cz\/index.php?rest_route=\/wp\/v2\/posts\/118\/revisions"}],"predecessor-version":[{"id":119,"href":"https:\/\/jirioberfalzer.cz\/index.php?rest_route=\/wp\/v2\/posts\/118\/revisions\/119"}],"wp:featuredmedia":[{"embeddable":true,"href":"https:\/\/jirioberfalzer.cz\/index.php?rest_route=\/wp\/v2\/media\/102"}],"wp:attachment":[{"href":"https:\/\/jirioberfalzer.cz\/index.php?rest_route=%2Fwp%2Fv2%2Fmedia&parent=118"}],"wp:term":[{"taxonomy":"category","embeddable":true,"href":"https:\/\/jirioberfalzer.cz\/index.php?rest_route=%2Fwp%2Fv2%2Fcategories&post=118"},{"taxonomy":"post_tag","embeddable":true,"href":"https:\/\/jirioberfalzer.cz\/index.php?rest_route=%2Fwp%2Fv2%2Ftags&post=118"}],"curies":[{"name":"wp","href":"https:\/\/api.w.org\/{rel}","templated":true}]}}